{"id":355,"date":"2014-04-30T10:04:57","date_gmt":"2014-04-30T08:04:57","guid":{"rendered":"http:\/\/www.comitatomonteverdenuovo.it\/wordpress\/?p=355"},"modified":"2020-01-09T18:38:34","modified_gmt":"2020-01-09T17:38:34","slug":"festa-di-primavera","status":"publish","type":"post","link":"https:\/\/www.comitatomonteverdenuovo.it\/wordpress\/festa-di-primavera\/","title":{"rendered":"Festa di Primavera"},"content":{"rendered":"<p style=\"text-align: justify;\">Sabato 10 maggio il Comitato di Quartiere Monteverde Nuovo organizza, con il patrocinio del XII Municipio, una giornata di festa aperta a tutti gli abitanti del quartiere.<\/p>\n<p style=\"text-align: justify;\"><span style=\"color: #141823;\">La Festa di Primavera si terr\u00e0 nel giardino di piazza Merolli e presso la ludoteca &#8220;Spazio Gioco&#8221;. Sar\u00e0 una giornata per stare insieme, incontrare\u00a0<\/span><span class=\"text_exposed_show\" style=\"color: #141823;\">gli abitanti e le famiglie del quartiere, conoscere i volontari del nuovo Comitato di Quartiere.<\/span><\/p>\n<p style=\"text-align: justify;\">La mattina sar\u00e0 dedicata ai <strong>bambini<\/strong>, che giocheranno all&#8217;aperto, nello spazio protetto del giardino, con le attivit\u00e0 animate dagli artisti di Abraxa teatro. Il pomeriggio sar\u00e0 un divertimento per tutte le et\u00e0, con <strong>concerti<\/strong>, recital ed esposizioni. In basso trovate\u00a0la locandina con\u00a0il <strong>programma completo<\/strong> degli eventi. Altre info sulla <a href=\"https:\/\/www.facebook.com\/events\/488344544599422\/\" target=\"_blank\" rel=\"noopener noreferrer\">pagina Facebook dell&#8217;evento.<\/a><\/p>\n<p style=\"text-align: justify;\">Ingresso libero, buon divertimento a tutti!<\/p>\n<p><img data-recalc-dims=\"1\" loading=\"lazy\" decoding=\"async\" class=\"aligncenter wp-image-357\" src=\"https:\/\/i0.wp.com\/www.comitatomonteverdenuovo.it\/wordpress\/wp-content\/uploads\/2014\/04\/locandina-Festa-di-Primavera-33x70b.jpg?resize=550%2C1140&#038;ssl=1\" alt=\"locandina Festa di Primavera 33x70b\" width=\"550\" height=\"1140\" data-id=\"357\" srcset=\"https:\/\/i0.wp.com\/www.comitatomonteverdenuovo.it\/wordpress\/wp-content\/uploads\/2014\/04\/locandina-Festa-di-Primavera-33x70b.jpg?resize=900%2C1865&amp;ssl=1 900w, https:\/\/i0.wp.com\/www.comitatomonteverdenuovo.it\/wordpress\/wp-content\/uploads\/2014\/04\/locandina-Festa-di-Primavera-33x70b.jpg?w=2160&amp;ssl=1 2160w, https:\/\/i0.wp.com\/www.comitatomonteverdenuovo.it\/wordpress\/wp-content\/uploads\/2014\/04\/locandina-Festa-di-Primavera-33x70b.jpg?w=3240&amp;ssl=1 3240w\" sizes=\"auto, (max-width: 550px) 100vw, 550px\" \/><\/p>\n","protected":false},"excerpt":{"rendered":"<p>Sabato 10 maggio il Comitato di Quartiere Monteverde Nuovo organizza, con il patrocinio del XII Municipio, una giornata di festa aperta a tutti gli abitanti del quartiere. La Festa di Primavera si terr\u00e0 nel giardino di piazza Merolli e presso la ludoteca &#8220;Spazio Gioco&#8221;. Sar\u00e0 una giornata per stare insieme, incontrare\u00a0gli abitanti e le famiglie [&hellip;]<\/p>\n","protected":false},"author":1,"featured_media":3309,"comment_status":"open","ping_status":"open","sticky":false,"template":"","format":"standard","meta":{"_et_pb_use_builder":"","_et_pb_old_content":"","_et_gb_content_width":"","_jetpack_memberships_contains_paid_content":false,"footnotes":""},"categories":[3,251,244],"tags":[14,15],"class_list":["post-355","post","type-post","status-publish","format-standard","has-post-thumbnail","hentry","category-eventi","category-foto-video","category-tempo-libero","tag-cultura","tag-tempo-libero"],"jetpack_featured_media_url":"https:\/\/i0.wp.com\/www.comitatomonteverdenuovo.it\/wordpress\/wp-content\/uploads\/2019\/10\/festa-di-primavera-immagine-in-evidenza.jpg?fit=1280%2C442&ssl=1","jetpack_sharing_enabled":true,"jetpack_likes_enabled":true,"_links":{"self":[{"href":"https:\/\/www.comitatomonteverdenuovo.it\/wordpress\/wp-json\/wp\/v2\/posts\/355","targetHints":{"allow":["GET"]}}],"collection":[{"href":"https:\/\/www.comitatomonteverdenuovo.it\/wordpress\/wp-json\/wp\/v2\/posts"}],"about":[{"href":"https:\/\/www.comitatomonteverdenuovo.it\/wordpress\/wp-json\/wp\/v2\/types\/post"}],"author":[{"embeddable":true,"href":"https:\/\/www.comitatomonteverdenuovo.it\/wordpress\/wp-json\/wp\/v2\/users\/1"}],"replies":[{"embeddable":true,"href":"https:\/\/www.comitatomonteverdenuovo.it\/wordpress\/wp-json\/wp\/v2\/comments?post=355"}],"version-history":[{"count":5,"href":"https:\/\/www.comitatomonteverdenuovo.it\/wordpress\/wp-json\/wp\/v2\/posts\/355\/revisions"}],"predecessor-version":[{"id":3308,"href":"https:\/\/www.comitatomonteverdenuovo.it\/wordpress\/wp-json\/wp\/v2\/posts\/355\/revisions\/3308"}],"wp:featuredmedia":[{"embeddable":true,"href":"https:\/\/www.comitatomonteverdenuovo.it\/wordpress\/wp-json\/wp\/v2\/media\/3309"}],"wp:attachment":[{"href":"https:\/\/www.comitatomonteverdenuovo.it\/wordpress\/wp-json\/wp\/v2\/media?parent=355"}],"wp:term":[{"taxonomy":"category","embeddable":true,"href":"https:\/\/www.comitatomonteverdenuovo.it\/wordpress\/wp-json\/wp\/v2\/categories?post=355"},{"taxonomy":"post_tag","embeddable":true,"href":"https:\/\/www.comitatomonteverdenuovo.it\/wordpress\/wp-json\/wp\/v2\/tags?post=355"}],"curies":[{"name":"wp","href":"https:\/\/api.w.org\/{rel}","templated":true}]}}