{"id":220,"date":"2014-03-20T10:52:56","date_gmt":"2014-03-20T09:52:56","guid":{"rendered":"http:\/\/www.comitatomonteverdenuovo.it\/wordpress\/?p=220"},"modified":"2020-01-09T18:41:37","modified_gmt":"2020-01-09T17:41:37","slug":"lettera-alle-istituzione-per-segnalare-gli-insediamenti-abusivi-villa-pamphili","status":"publish","type":"post","link":"https:\/\/www.comitatomonteverdenuovo.it\/wordpress\/lettera-alle-istituzione-per-segnalare-gli-insediamenti-abusivi-villa-pamphili\/","title":{"rendered":"Lettera alle Istituzioni per segnalare gli insediamenti abusivi a Villa Pamphili"},"content":{"rendered":"<p>Dott. Ignazio Marino<br \/>\nSindaco di Roma<br \/>\nPalazzo Senatorio<br \/>\nPiazza del Campidoglio 1<br \/>\n00186 Roma<\/p>\n<p>Avv. Cristina Maltese<br \/>\nPresidente Municipio Roma XII<br \/>\nVia Fabiola 14<br \/>\n00152 Roma<\/p>\n<p>Commissariato di Polizia<br \/>\nSezione Monteverde<br \/>\nVia Felice Cavallotti 72<br \/>\n00152 Roma<\/p>\n<p>Stazione Carabinieri<br \/>\nMonteverde Nuovo<br \/>\nVia Giulia di Colloredo 5<br \/>\n00152 Roma<\/p>\n<p>Oggetto: Insediamenti abusivi Villa Pamphili<\/p>\n<p style=\"text-align: justify;\">Ci risulta da numerose segnalazioni, provenienti da privati cittadini e da associazioni del territorio, che Villa Pamphili, soggetta a vincolo e tutela della Sovrintendenza dei Beni Culturali, viene utilizzata da tempo dai senza fissa dimora per trascorrere la notte in improvvisati accampamenti eretti tra canneti e macchie di bosco mentre di giorno vengono accesi barbecue e issate tende da campeggio.<br \/>\nNon si pu\u00f2 permettere che il degrado sempre pi\u00f9 evidente tolga a migliaia di persone (mamme con bimbi, sportivi e famiglie) la possibilit\u00e0 di frequentare la villa nella pi\u00f9 assoluta tranquillit\u00e0 e sicurezza.<br \/>\nRichiediamo, pertanto, un intervento strutturale che stronchi definitivamente il fenomeno trovando soluzioni in grado di conciliare il diritto dei cittadini a trascorrere serenamente giornate di svago con il diritto dei senza fissa dimora ad avere una sistemazione dignitosa.<br \/>\nRimaniamo in attesa di risposte esaustive da poter dare agli abitanti del quartiere, ricordando che non siamo disposti a sopportare lungaggini e interventi non definitivi.<br \/>\nRoma, 19 Marzo 2014<br \/>\nIl Presidente del Comitato di Quartiere<br \/>\nTina Pelliccia<\/p>\n","protected":false},"excerpt":{"rendered":"<p>Dott. Ignazio Marino Sindaco di Roma Palazzo Senatorio Piazza del Campidoglio 1 00186 Roma Avv. Cristina Maltese Presidente Municipio Roma XII Via Fabiola 14 00152 Roma Commissariato di Polizia Sezione Monteverde Via Felice Cavallotti 72 00152 Roma Stazione Carabinieri Monteverde Nuovo Via Giulia di Colloredo 5 00152 Roma Oggetto: Insediamenti abusivi Villa Pamphili Ci risulta [&hellip;]<\/p>\n","protected":false},"author":1,"featured_media":0,"comment_status":"open","ping_status":"open","sticky":false,"template":"","format":"standard","meta":{"_et_pb_use_builder":"","_et_pb_old_content":"","_et_gb_content_width":"","_jetpack_memberships_contains_paid_content":false,"footnotes":""},"categories":[238,239,262,242],"tags":[9,11],"class_list":["post-220","post","type-post","status-publish","format-standard","hentry","category-ambiente","category-decoro","category-documentazione","category-sicurezza","tag-ambiente","tag-sicurezza"],"jetpack_featured_media_url":"","jetpack_sharing_enabled":true,"jetpack_likes_enabled":true,"_links":{"self":[{"href":"https:\/\/www.comitatomonteverdenuovo.it\/wordpress\/wp-json\/wp\/v2\/posts\/220","targetHints":{"allow":["GET"]}}],"collection":[{"href":"https:\/\/www.comitatomonteverdenuovo.it\/wordpress\/wp-json\/wp\/v2\/posts"}],"about":[{"href":"https:\/\/www.comitatomonteverdenuovo.it\/wordpress\/wp-json\/wp\/v2\/types\/post"}],"author":[{"embeddable":true,"href":"https:\/\/www.comitatomonteverdenuovo.it\/wordpress\/wp-json\/wp\/v2\/users\/1"}],"replies":[{"embeddable":true,"href":"https:\/\/www.comitatomonteverdenuovo.it\/wordpress\/wp-json\/wp\/v2\/comments?post=220"}],"version-history":[{"count":5,"href":"https:\/\/www.comitatomonteverdenuovo.it\/wordpress\/wp-json\/wp\/v2\/posts\/220\/revisions"}],"predecessor-version":[{"id":4520,"href":"https:\/\/www.comitatomonteverdenuovo.it\/wordpress\/wp-json\/wp\/v2\/posts\/220\/revisions\/4520"}],"wp:attachment":[{"href":"https:\/\/www.comitatomonteverdenuovo.it\/wordpress\/wp-json\/wp\/v2\/media?parent=220"}],"wp:term":[{"taxonomy":"category","embeddable":true,"href":"https:\/\/www.comitatomonteverdenuovo.it\/wordpress\/wp-json\/wp\/v2\/categories?post=220"},{"taxonomy":"post_tag","embeddable":true,"href":"https:\/\/www.comitatomonteverdenuovo.it\/wordpress\/wp-json\/wp\/v2\/tags?post=220"}],"curies":[{"name":"wp","href":"https:\/\/api.w.org\/{rel}","templated":true}]}}