{"id":1811,"date":"2015-08-03T12:43:55","date_gmt":"2015-08-03T10:43:55","guid":{"rendered":"http:\/\/www.comitatomonteverdenuovo.it\/wordpress\/?p=1811"},"modified":"2020-01-09T18:10:00","modified_gmt":"2020-01-09T17:10:00","slug":"secondo-incontro-con-il-prefetto-gabrielli-presso-aula-consiliare-municipio-xii","status":"publish","type":"post","link":"https:\/\/www.comitatomonteverdenuovo.it\/wordpress\/secondo-incontro-con-il-prefetto-gabrielli-presso-aula-consiliare-municipio-xii\/","title":{"rendered":"Secondo incontro con il prefetto Gabrielli presso aula consiliare Municipio XII"},"content":{"rendered":"<p><a href=\"https:\/\/i0.wp.com\/www.comitatomonteverdenuovo.it\/wordpress\/wp-content\/uploads\/2015\/08\/PrefettoMunicipio.jpg?ssl=1\"><img data-recalc-dims=\"1\" loading=\"lazy\" decoding=\"async\" class=\"aligncenter size-large wp-image-1812\" src=\"https:\/\/i0.wp.com\/www.comitatomonteverdenuovo.it\/wordpress\/wp-content\/uploads\/2015\/08\/PrefettoMunicipio.jpg?resize=530%2C276&#038;ssl=1\" alt=\"PrefettoMunicipio\" width=\"530\" height=\"276\" data-id=\"1812\" srcset=\"https:\/\/i0.wp.com\/www.comitatomonteverdenuovo.it\/wordpress\/wp-content\/uploads\/2015\/08\/PrefettoMunicipio.jpg?resize=1024%2C534&amp;ssl=1 1024w, https:\/\/i0.wp.com\/www.comitatomonteverdenuovo.it\/wordpress\/wp-content\/uploads\/2015\/08\/PrefettoMunicipio.jpg?resize=300%2C156&amp;ssl=1 300w, https:\/\/i0.wp.com\/www.comitatomonteverdenuovo.it\/wordpress\/wp-content\/uploads\/2015\/08\/PrefettoMunicipio.jpg?resize=900%2C469&amp;ssl=1 900w, https:\/\/i0.wp.com\/www.comitatomonteverdenuovo.it\/wordpress\/wp-content\/uploads\/2015\/08\/PrefettoMunicipio.jpg?w=1680&amp;ssl=1 1680w\" sizes=\"auto, (max-width: 530px) 100vw, 530px\" \/><\/a>Il 29 luglio un nuovo incontro con il prefetto Gabrielli e la presidente Maltese sulla s<span class=\"text_exposed_show\">icurezza nel Municipio XII, si parla di decentramento, di organizzazione delle diverse forze dell\u2019ordine, di collaborazione fra prefettura, rappresentanti politici, comitati e associazioni.<br \/>\nIl dr. Vitelli espone il report con i risultati dei quattro incontri organizzati, fra il mese di maggio e il mese di giugno, dal gruppo di coordinamento interterritoriale. Il report illustra il primo step di interventi sui problemi rappresentati nel passato incontro del 29 maggio dalle associazioni: sicurezza dei parchi storici, delle stazioni Trastevere e Massimina e del mercato di Porta Portese, degrado di largo Ravizza, piazza Forlanini, via Tarra, intrusione e degrado del complesso del Forlanini.<br \/>\nIn merito a quanto sopra, si \u00e8 comunicato che: l\u2019area di Villa Pamphili \u00e8 stata sottoposta a un servizio di controllo costante con il coordinamento delle forze dell\u2019ordine; nelle aree Ravizza, Forlanini, Tarra, a seguito delle indagini effettuate, non \u00e8 presente spaccio ma soltanto consumo di droga anche in considerazione della vicinanza ai Sert; dal complesso del Forlanini sono state allontanate 12 persone che vi dimoravano stabilmente; nella stazione Trastevere \u00e8 stato organizzato un servizio di pattugliamento di CC e Forze Armate durante il giorno e di Forze di Polizia di notte, due persone che creavano particolare disturbo sono state allontanate tramite un provvedimento restrittivo dell\u2019amministrazione giudiziaria; il mercato di Porta Portese \u00e8 stato sottoposto a pi\u00f9 stringenti controlli su regole per il commercio, su attivit\u00e0 di rovistaggio, su attivit\u00e0 di borseggio da parte dei CC, quando questi ultimi non hanno disponibilit\u00e0 di pattuglie intervengono le forze di polizia; per Massimina si stanno stipulando accordi con l\u2019amministrazione capitolina per il trasferimento del campo ROM e dell\u2019area rifiuti.<br \/>\nMolte sono stati gli interventi delle associazioni e comitati soprattutto sulla situazione di sicurezza e degrado di Massimina, Valle Aurelia, Villa Pamphili, Forlanini, e sulla percezione di mancata sicurezza nelle strade da parte dei cittadini.<br \/>\nIl prefetto ha risposto: il fenomeno della prostituzione non si pu\u00f2 contrastare ma soltanto regolamentare e si \u00e8 in attesa del Regolamento di Polizia Urbana, per il quale si potranno individuare quelle zone, limitrofe ad abitazioni, scuole ecc \u2018interdette\u2019 alla prostituzione; Casale Lumbroso \u00e8 un\u2019area privata che non potr\u00e0 quindi accogliere un insediamento di forze di polizia; il nuovo Bando per l\u2019accoglienza degli immigrati riguarder\u00e0 ovviamente quei territori che non sono stati interessati dal primo Bando per cui vi rientra anche il Municipio XII, ma si parla di non pi\u00f9 di 100 persone, per le quali accoglienza significa anche controllo sul loro agire; per Monachina unica soluzione spostamento del campo Rom , non immediatamente realizzabile, nelle more necessario sollecitare AMA per rifiuti e avere la collaborazione della Protezione civile; per Villa Pamphili si acquisisce la documentazione presentata dall\u2019Associazione Villa Pamphili che sar\u00e0 utile strumento di contrasto al degrado e alle azioni criminose; sui Piani di zona si stanno effettuando le necessarie verifiche sulle urbanizzazioni non completate; la stazione Massimina \u00e8 prevista per il 2025; esiste il piano per l\u2019impianto della raffineria ma di questo sarebbe bene che ne fosse informata la popolazione con la collaborazione del Ministero per l\u2019ambiente; il Forlanini ha un vincolo di destinazione come complesso monumentale, Zingaretti sta portando avanti tutti gli impegni dichiarati nella ultima conferenza stampa e sta anche sottoscrivendo un accordo per una guardiania privata in quanto le forze dell\u2019ordine non sarebbero in grado di sostenere il peso di un controllo puntuale sull\u2019area; gli organici delle forze di polizia aumenteranno con il Giubileo ma si sta consolidando l\u2019idea che Roma vive sempre, e non solo in occasione di eventi, momenti straordinari che necessitano di un rafforzamento del suo sistema di sicurezza per rendere pi\u00f9 protetta la citt\u00e0.<\/span><\/p>\n<p>&nbsp;<\/p>\n","protected":false},"excerpt":{"rendered":"<p>Il 29 luglio un nuovo incontro con il prefetto Gabrielli e la presidente Maltese sulla sicurezza nel Municipio XII, si parla di decentramento, di organizzazione delle diverse forze dell\u2019ordine, di collaborazione fra prefettura, rappresentanti politici, comitati e associazioni. Il dr. Vitelli espone il report con i risultati dei quattro incontri organizzati, fra il mese di [&hellip;]<\/p>\n","protected":false},"author":1,"featured_media":0,"comment_status":"open","ping_status":"open","sticky":false,"template":"","format":"standard","meta":{"_et_pb_use_builder":"","_et_pb_old_content":"","_et_gb_content_width":"","_jetpack_memberships_contains_paid_content":false,"footnotes":""},"categories":[262,242],"tags":[11],"class_list":["post-1811","post","type-post","status-publish","format-standard","hentry","category-documentazione","category-sicurezza","tag-sicurezza"],"jetpack_featured_media_url":"","jetpack_sharing_enabled":true,"jetpack_likes_enabled":true,"_links":{"self":[{"href":"https:\/\/www.comitatomonteverdenuovo.it\/wordpress\/wp-json\/wp\/v2\/posts\/1811","targetHints":{"allow":["GET"]}}],"collection":[{"href":"https:\/\/www.comitatomonteverdenuovo.it\/wordpress\/wp-json\/wp\/v2\/posts"}],"about":[{"href":"https:\/\/www.comitatomonteverdenuovo.it\/wordpress\/wp-json\/wp\/v2\/types\/post"}],"author":[{"embeddable":true,"href":"https:\/\/www.comitatomonteverdenuovo.it\/wordpress\/wp-json\/wp\/v2\/users\/1"}],"replies":[{"embeddable":true,"href":"https:\/\/www.comitatomonteverdenuovo.it\/wordpress\/wp-json\/wp\/v2\/comments?post=1811"}],"version-history":[{"count":2,"href":"https:\/\/www.comitatomonteverdenuovo.it\/wordpress\/wp-json\/wp\/v2\/posts\/1811\/revisions"}],"predecessor-version":[{"id":1814,"href":"https:\/\/www.comitatomonteverdenuovo.it\/wordpress\/wp-json\/wp\/v2\/posts\/1811\/revisions\/1814"}],"wp:attachment":[{"href":"https:\/\/www.comitatomonteverdenuovo.it\/wordpress\/wp-json\/wp\/v2\/media?parent=1811"}],"wp:term":[{"taxonomy":"category","embeddable":true,"href":"https:\/\/www.comitatomonteverdenuovo.it\/wordpress\/wp-json\/wp\/v2\/categories?post=1811"},{"taxonomy":"post_tag","embeddable":true,"href":"https:\/\/www.comitatomonteverdenuovo.it\/wordpress\/wp-json\/wp\/v2\/tags?post=1811"}],"curies":[{"name":"wp","href":"https:\/\/api.w.org\/{rel}","templated":true}]}}