{"id":1790,"date":"2015-07-01T15:57:58","date_gmt":"2015-07-01T13:57:58","guid":{"rendered":"http:\/\/www.comitatomonteverdenuovo.it\/wordpress\/?p=1790"},"modified":"2020-01-09T18:13:32","modified_gmt":"2020-01-09T17:13:32","slug":"zingaretti-sul-forlanini","status":"publish","type":"post","link":"https:\/\/www.comitatomonteverdenuovo.it\/wordpress\/zingaretti-sul-forlanini\/","title":{"rendered":"Zingaretti sul Forlanini"},"content":{"rendered":"<p><span class=\"date\">30 giugno 2015<\/span><\/p>\n<p><span class=\"title\">Forlanini: la nuova vita del vecchio ospedale, mettiamo fine a 10 anni di abbandono<\/span><em>Da 10 anni il vecchio ospedale Forlanini \u00e8 fuori dalla programmazione sanitaria: erano rimasti 50 posti letto in 150 mila metri quadrati a un costo di 15 milioni di euro l\u2019anno. Una follia, uno spreco enorme. Per la prima volta avviamo un\u2019azione concreta per dare nuova vita a questa struttura.<\/em><\/p>\n<p><strong>La vera storia.<\/strong> L\u2019Ospedale Forlanini \u00e8 in chiusura da circa 10 anni perch\u00e9 da anni \u00e8 fuori dalla programmazione sanitaria. Da moltissimo tempo \u00e8 lasciato nell\u2019incuria e nel degrado. Per la prima volta la Regione avvia un\u2019azione per dare nuova vita a questa struttura e questa area della citt\u00e0.<\/p>\n<p><strong>Finisce una lenta agonia<\/strong>. Al Forlanini, su una superficie di 150 mila mq erano rimasti 50 posti letto che ora finalmente spostiamo in ambienti pi\u00f9 sicuri per pazienti ed operatori. Tenere aperto un solo reparto in una struttura cos\u00ec immensa \u00e8 costato finora 15 milioni di euro l\u2019anno al sistema sanitario regionale. Risorse che vogliamo investire meglio. Consideriamo che in un\u2019area di circa 1 Kmq sono attivi gli ospedali Spallanzani (176 posti letto) e San Camillo (857 posti letto) con 1033 posti letto a disposizione dei cittadini e che quindi la stragrande maggioranza delle attivit\u00e0 sanitarie di trasferisce di poche centinaia di metri.<\/p>\n<p><strong>Il 13 luglio parte il cantiere per la pulizia totale<\/strong>: per la prima volta abbiamo investito 400 mila euro per la pulizia di tutto ci\u00f2 che si \u00e8 accumulato in anni di incuria.<\/p>\n<p><strong>Pi\u00f9 vita per il quartiere:<\/strong> Il Forlanini \u00e8 una vastissima area urbana, insieme al Comune di Roma siamo al lavoro per renderla pi\u00f9 viva. Un esempio? Gi\u00e0 questa estate insieme al Municipio sar\u00e0 presente un\u2019arena del cinema.<\/p>\n<p><strong>Pi\u00f9 sicurezza per le persone<\/strong>: abbiamo gi\u00e0 sottoscritto un accordo con Carabinieri per il trasferimento della caserma di Monteverde e avviato un analogo confronto con la Questura di Roma anche con il commissariato di polizia.<strong>\u00a0<\/strong><\/p>\n<p><strong>Spazio Attivo:<\/strong> vogliamo aprire uno spazio dedicato all\u2019innovazione e ai servizi per le imprese e di incontro tra la domanda e l\u2019offerta di lavoro.<\/p>\n<p><strong>La nuova vita del Forlanini.<\/strong>\u00a0A settembre\u00a0partir\u00e0 un bando delle idee per ridare un ruolo a questa immensa struttura: grazie al confronto e alle proposte offerte da associazioni, imprese e cittadini. Noi vogliamo diventi un luogo della cultura, dell\u2019innovazione, per le startup e per il sociale.<\/p>\n<p><strong>Andiamo avanti con la lotta agli sprechi.<\/strong> Nelle palazzine degli uffici non monumentali saranno trasferiti alcuni uffici regionali. In questo modo risparmieremo 4 milioni di euro l\u2019anno di fitti passivi chiudendo le sedi periferiche in affitto. Tuteleremo le associazioni e i servizi gi\u00e0 presenti all\u2019interno della struttura.<\/p>\n","protected":false},"excerpt":{"rendered":"<p>30 giugno 2015 Forlanini: la nuova vita del vecchio ospedale, mettiamo fine a 10 anni di abbandonoDa 10 anni il vecchio ospedale Forlanini \u00e8 fuori dalla programmazione sanitaria: erano rimasti 50 posti letto in 150 mila metri quadrati a un costo di 15 milioni di euro l\u2019anno. Una follia, uno spreco enorme. Per la prima [&hellip;]<\/p>\n","protected":false},"author":1,"featured_media":0,"comment_status":"open","ping_status":"open","sticky":false,"template":"","format":"standard","meta":{"_et_pb_use_builder":"","_et_pb_old_content":"","_et_gb_content_width":"","_jetpack_memberships_contains_paid_content":false,"footnotes":""},"categories":[262,241],"tags":[13],"class_list":["post-1790","post","type-post","status-publish","format-standard","hentry","category-documentazione","category-salute","tag-salute"],"jetpack_featured_media_url":"","jetpack_sharing_enabled":true,"jetpack_likes_enabled":true,"_links":{"self":[{"href":"https:\/\/www.comitatomonteverdenuovo.it\/wordpress\/wp-json\/wp\/v2\/posts\/1790","targetHints":{"allow":["GET"]}}],"collection":[{"href":"https:\/\/www.comitatomonteverdenuovo.it\/wordpress\/wp-json\/wp\/v2\/posts"}],"about":[{"href":"https:\/\/www.comitatomonteverdenuovo.it\/wordpress\/wp-json\/wp\/v2\/types\/post"}],"author":[{"embeddable":true,"href":"https:\/\/www.comitatomonteverdenuovo.it\/wordpress\/wp-json\/wp\/v2\/users\/1"}],"replies":[{"embeddable":true,"href":"https:\/\/www.comitatomonteverdenuovo.it\/wordpress\/wp-json\/wp\/v2\/comments?post=1790"}],"version-history":[{"count":1,"href":"https:\/\/www.comitatomonteverdenuovo.it\/wordpress\/wp-json\/wp\/v2\/posts\/1790\/revisions"}],"predecessor-version":[{"id":1791,"href":"https:\/\/www.comitatomonteverdenuovo.it\/wordpress\/wp-json\/wp\/v2\/posts\/1790\/revisions\/1791"}],"wp:attachment":[{"href":"https:\/\/www.comitatomonteverdenuovo.it\/wordpress\/wp-json\/wp\/v2\/media?parent=1790"}],"wp:term":[{"taxonomy":"category","embeddable":true,"href":"https:\/\/www.comitatomonteverdenuovo.it\/wordpress\/wp-json\/wp\/v2\/categories?post=1790"},{"taxonomy":"post_tag","embeddable":true,"href":"https:\/\/www.comitatomonteverdenuovo.it\/wordpress\/wp-json\/wp\/v2\/tags?post=1790"}],"curies":[{"name":"wp","href":"https:\/\/api.w.org\/{rel}","templated":true}]}}