{"id":1742,"date":"2015-02-06T19:47:17","date_gmt":"2015-02-06T18:47:17","guid":{"rendered":"http:\/\/www.comitatomonteverdenuovo.it\/wordpress\/?p=1742"},"modified":"2020-01-09T18:23:33","modified_gmt":"2020-01-09T17:23:33","slug":"a-proposito-del-forlanini","status":"publish","type":"post","link":"https:\/\/www.comitatomonteverdenuovo.it\/wordpress\/a-proposito-del-forlanini\/","title":{"rendered":"A proposito del Forlanini"},"content":{"rendered":"<p><a href=\"https:\/\/i0.wp.com\/www.comitatomonteverdenuovo.it\/wordpress\/wp-content\/uploads\/2015\/02\/Forlanini.jpg?ssl=1\"><img data-recalc-dims=\"1\" loading=\"lazy\" decoding=\"async\" class=\"aligncenter size-full wp-image-1744\" src=\"https:\/\/i0.wp.com\/www.comitatomonteverdenuovo.it\/wordpress\/wp-content\/uploads\/2015\/02\/Forlanini.jpg?resize=627%2C388&#038;ssl=1\" alt=\"Forlanini\" width=\"627\" height=\"388\" data-id=\"1744\" srcset=\"https:\/\/i0.wp.com\/www.comitatomonteverdenuovo.it\/wordpress\/wp-content\/uploads\/2015\/02\/Forlanini.jpg?w=627&amp;ssl=1 627w, https:\/\/i0.wp.com\/www.comitatomonteverdenuovo.it\/wordpress\/wp-content\/uploads\/2015\/02\/Forlanini.jpg?resize=300%2C186&amp;ssl=1 300w\" sizes=\"auto, (max-width: 627px) 100vw, 627px\" \/><\/a>Il 5 febbraio ci siamo riuniti assieme ad altri Comitati di Quartiere, Associazioni, cittadini e lavoratori dell&#8217;Ospedale per mettere in campo pi\u00f9 forze allo scopo di conoscere la situazione venutasi a creare dopo la decisione della Regione Lazio della chiusura dell&#8217;Ospedale Forlanini. La chiusura che doveva avvenire entro la fine delle scorso anno non \u00e8 stata ancora ultimata per le difficolt\u00e0 di ricollocazione di alcune unit\u00e0 operative. Nel complesso Forlanini, che s<span class=\"text_exposed_hide\">&#8230;<\/span><span class=\"text_exposed_show\">i estende per circa 280 mila metri quadrati con un grande parco, manufatti monumentali, due teatri, un cinema, due chiese, un&#8217; aula magna, e lo straordinario museo anatomico, esiste gi\u00e0 una situazione di degrado che potrebbe peggiorare a chiusura definitiva. La qual cosa preoccupa non poco i cittadini di Monteverde e Portuense.<br \/>\nPer questo si \u00e8 deciso di mobilitarsi con iniziative e con evento pubblico alla quale saranno invitate le istituzioni: Regione Lazio. Comune di Roma- Municipi XI e XII &#8211; Partiti &#8211; Sindacati &#8211; Personaggi della Cultura e della Scienza per chiedere che almeno parte della struttura rimanga pubblica e al servizio dei cittadini.<\/span><\/p>\n<p>Il Comitato Monteverde Nuovo<\/p>\n","protected":false},"excerpt":{"rendered":"<p>Il 5 febbraio ci siamo riuniti assieme ad altri Comitati di Quartiere, Associazioni, cittadini e lavoratori dell&#8217;Ospedale per mettere in campo pi\u00f9 forze allo scopo di conoscere la situazione venutasi a creare dopo la decisione della Regione Lazio della chiusura dell&#8217;Ospedale Forlanini. La chiusura che doveva avvenire entro la fine delle scorso anno non \u00e8 [&hellip;]<\/p>\n","protected":false},"author":1,"featured_media":0,"comment_status":"open","ping_status":"open","sticky":false,"template":"","format":"standard","meta":{"_et_pb_use_builder":"","_et_pb_old_content":"","_et_gb_content_width":"","_jetpack_memberships_contains_paid_content":false,"footnotes":""},"categories":[251,241],"tags":[13],"class_list":["post-1742","post","type-post","status-publish","format-standard","hentry","category-foto-video","category-salute","tag-salute"],"jetpack_featured_media_url":"","jetpack_sharing_enabled":true,"jetpack_likes_enabled":true,"_links":{"self":[{"href":"https:\/\/www.comitatomonteverdenuovo.it\/wordpress\/wp-json\/wp\/v2\/posts\/1742","targetHints":{"allow":["GET"]}}],"collection":[{"href":"https:\/\/www.comitatomonteverdenuovo.it\/wordpress\/wp-json\/wp\/v2\/posts"}],"about":[{"href":"https:\/\/www.comitatomonteverdenuovo.it\/wordpress\/wp-json\/wp\/v2\/types\/post"}],"author":[{"embeddable":true,"href":"https:\/\/www.comitatomonteverdenuovo.it\/wordpress\/wp-json\/wp\/v2\/users\/1"}],"replies":[{"embeddable":true,"href":"https:\/\/www.comitatomonteverdenuovo.it\/wordpress\/wp-json\/wp\/v2\/comments?post=1742"}],"version-history":[{"count":3,"href":"https:\/\/www.comitatomonteverdenuovo.it\/wordpress\/wp-json\/wp\/v2\/posts\/1742\/revisions"}],"predecessor-version":[{"id":1746,"href":"https:\/\/www.comitatomonteverdenuovo.it\/wordpress\/wp-json\/wp\/v2\/posts\/1742\/revisions\/1746"}],"wp:attachment":[{"href":"https:\/\/www.comitatomonteverdenuovo.it\/wordpress\/wp-json\/wp\/v2\/media?parent=1742"}],"wp:term":[{"taxonomy":"category","embeddable":true,"href":"https:\/\/www.comitatomonteverdenuovo.it\/wordpress\/wp-json\/wp\/v2\/categories?post=1742"},{"taxonomy":"post_tag","embeddable":true,"href":"https:\/\/www.comitatomonteverdenuovo.it\/wordpress\/wp-json\/wp\/v2\/tags?post=1742"}],"curies":[{"name":"wp","href":"https:\/\/api.w.org\/{rel}","templated":true}]}}