{"id":1737,"date":"2015-03-04T19:11:18","date_gmt":"2015-03-04T18:11:18","guid":{"rendered":"http:\/\/www.comitatomonteverdenuovo.it\/wordpress\/?p=1737"},"modified":"2019-11-01T18:20:23","modified_gmt":"2019-11-01T17:20:23","slug":"assemblea-degli-iscritti-4-marzo-2015","status":"publish","type":"post","link":"https:\/\/www.comitatomonteverdenuovo.it\/wordpress\/assemblea-degli-iscritti-4-marzo-2015\/","title":{"rendered":"Assemblea degli iscritti 4 marzo 2015"},"content":{"rendered":"<p>In qualit\u00e0 di Presidente del Comitato di Quartiere ho convocato questa Assemblea perch\u00e9, dopo un anno di lavoro o poco di pi\u00f9, c\u2019era l\u2019esigenza di fare una verifica delle cose fatte\u00a0 e di quelle da fare. Inoltre, sono certa che questa occasione possa essere un modo per creare uno spirito comunitario tra di noi.<\/p>\n<p>Per prima cosa, intendo ringraziare tuti quelli che assieme a me si sono adoperati nel portare avanti le iniziative e hanno dato il loro contributo di idee rinunciando al loro tempo libero o sottraendolo alla famiglia per permettere che il comitato si rafforzasse e si facesse conoscere\u00a0 tra la gente di Monteverde. I risultati raggiunti sono incoraggianti, anche se \u00e8 ancora molto il lavoro da svolgere.<\/p>\n<p>Noi per funzionare meglio ci siamo dati un\u2019organizzazione ancora sperimentale ma che sta dando buoni frutti. In pratica, l\u2019attivit\u00e0 \u00e8 stata suddivisa per aree tematica, ognuna delle quali ha un coordinatore che fa parte del Consiglio Direttivo a cui riporta l\u2019attivit\u00e0 svolta. I gruppo sono: Ambiente e decoro urbano \u2013 Cultura \u2013 Sanit\u00e0 \u2013 Scuola \u2013 Sicurezza \u2013 Sociale\u00a0 &#8211; Viabilit\u00e0.<\/p>\n<p>La bont\u00e0 del nostro lavoro e del nostro impegno \u00e8 dimostrata dai 130 iscritti che ci hanno dato la loro fiducia, con l\u2019obiettivo di raddoppiare il numero entro il prossimo anno.<\/p>\n<p>Fecondo \u00e8 stato il rapporto avuto con il Municipio e con la Presidente, che ci ha consentito di risolvere alcuni dei problemi posti.<\/p>\n<p>Il Comitato si \u00e8 fatto promotore di iniziative, chiedendo alle istituzioni di risolvere celermente i problemi pi\u00f9 urgenti (vedi per esempio le nostre pressanti richieste per le buche sulle strade, oppure sulla sicurezza di Villa Pamphili, a Largo Ravizza, a Piazzale Forlanini, lo \u00a0spostamento delle roulotte a Via Ramazzini,\u00a0 ecc.).<\/p>\n<p>Abbiamo organizzato due giornate per la pulizia del quartiere: una a Piazza S. Giovanni di Dio, insieme ad Ama, ripulendo Via Jenner, la Circonvallazione e Via Oznam e l\u2019altra a Piazza della Trasfigurazione e Largo Ravizza, Via Palasciano, in collaborazione con Ama, Retake e Pics (piantando, tra l\u2019altro, a Via Giulia di Gallese degli alberi acquistati insieme ai residenti).<\/p>\n<p>A maggio dello scorso anno \u00e8 stata organizzata la \u201cFesta di Primavera\u201d a piazza Merolli, assieme all\u2019associazione \u201cL\u2019oasi del bambino\u201d, con una grande partecipazione di famiglie e di bambini. Anche in questo caso abbiamo piantato un albero di ulivo.<\/p>\n<p>A settembre, in occasione del nuovo ciclo dei rifiuti abbiamo organizzato, qui in questa sala ,una riunione con l\u2019AMA che ha illustrato la differenziata.<\/p>\n<p>A dicembre presso il Complesso del Forlanini, in collaborazione diverse associazioni, abbiamo organizzata la \u201c Festa di Solidariet\u00e0\u201d anche per porre all\u2019attenzione dei cittadini la situazione dell\u2019ex Ospedale.<\/p>\n<p>Sempre a dicembre assieme all\u2019associazione Jenner abbiamo a Piazza Scotti ripulite le panchine, piantati dei cespugli e un grande albero di Natale.<\/p>\n<p>Per Carnevale \u00e8 stata organizzata, nei giardini di largo Ravizza, una festa mascherata per bambini e adulti con animazione giochi ed altro.<\/p>\n<p>Questa \u00e8, in sintesi, il resoconto di alcune delle attivit\u00e0 svolte, sottolineando che al di la delle singole iniziative la cosa che ci ha reso pi\u00f9 orgogliosi \u00e8 stata la continua capacit\u00e0 mostrata dai Voi membri ed iscritti nel dare supporto in alcune situazioni che hanno interessato il territorio, vedi l\u2019incendio della scuola Oberdan.<\/p>\n<p>In questo momento, oltre ad insistere per le buche nelle strade, per il taglio degli alberi soprattutto ai Colli Portuensi, per la messa in sicurezza dei marciapiedi,\u00a0 abbiamo chiesto un appuntamento con il Municipio\u00a0 per una diversa viabilit\u00e0 del quartiere, dopo aver gi\u00e0 presentato un documento da discutere con l\u2019assessore competente.<\/p>\n<p>Stiamo organizzando anche la seconda \u201cFesta di Primavera\u201d, che sar\u00e0 il 23 maggio a Largo Ravizza ed abbiamo gi\u00e0 presentato il progetto all\u2019assessore Capriotti.<\/p>\n<p>Ultima cosa che mi preme dirvi \u00e8 la questione del Forlanini. Come potete vedere ci sono dei volantini, che vi prego di prendere e distribuire ai vostri conoscenti, amici, perch\u00e9 a tutt\u2019oggi, anche se non \u00e8 stata ancora ultimata la dismissione dell\u2019Ospedale, che sarebbe dovuta avvenire entro il 31 dicembre 2014, il problema rimane la mancanza di notizie circa la nuova destinazione. Noi ci siamo fatti promotori di un\u2019iniziativa per far conoscere ai cittadini di Monteverde la situazione in quanto al momento della definitiva dismissione si rischia il degrado pi\u00f9 assoluto di quell\u2019area. Abbiamo chiesto alla Regione Lazio delle risposte e di essere coinvolti nel processo di progettazione, e che comunque il complesso del Forlanini rimanga pubblico e al sevizio dei cittadini. In questa battaglia abbiamo coinvolto altri comitati e associazioni che hanno con noi firmato il volantino.<\/p>\n<p>E non ci fermeremo qui, faremo ulteriori iniziative per arrivare ad una Conferenza pubblica sull\u2019argomento.<\/p>\n<p>Scusatemi se mi sono troppo allungata, ma posso dire che ho cercato il pi\u00f9 possibile per essere sintetica. Ora aspetto da voi suggerimenti ,proposte e soprattutto la vostra collaborazione.<\/p>\n<p>Il Presidente<br \/>\nTina Pelliccia<\/p>\n","protected":false},"excerpt":{"rendered":"<p>In qualit\u00e0 di Presidente del Comitato di Quartiere ho convocato questa Assemblea perch\u00e9, dopo un anno di lavoro o poco di pi\u00f9, c\u2019era l\u2019esigenza di fare una verifica delle cose fatte\u00a0 e di quelle da fare. Inoltre, sono certa che questa occasione possa essere un modo per creare uno spirito comunitario tra di noi. Per [&hellip;]<\/p>\n","protected":false},"author":1,"featured_media":0,"comment_status":"open","ping_status":"open","sticky":false,"template":"","format":"standard","meta":{"_et_pb_use_builder":"","_et_pb_old_content":"","_et_gb_content_width":"","_jetpack_memberships_contains_paid_content":false,"footnotes":""},"categories":[262],"tags":[],"class_list":["post-1737","post","type-post","status-publish","format-standard","hentry","category-documentazione"],"jetpack_featured_media_url":"","jetpack_sharing_enabled":true,"jetpack_likes_enabled":true,"_links":{"self":[{"href":"https:\/\/www.comitatomonteverdenuovo.it\/wordpress\/wp-json\/wp\/v2\/posts\/1737","targetHints":{"allow":["GET"]}}],"collection":[{"href":"https:\/\/www.comitatomonteverdenuovo.it\/wordpress\/wp-json\/wp\/v2\/posts"}],"about":[{"href":"https:\/\/www.comitatomonteverdenuovo.it\/wordpress\/wp-json\/wp\/v2\/types\/post"}],"author":[{"embeddable":true,"href":"https:\/\/www.comitatomonteverdenuovo.it\/wordpress\/wp-json\/wp\/v2\/users\/1"}],"replies":[{"embeddable":true,"href":"https:\/\/www.comitatomonteverdenuovo.it\/wordpress\/wp-json\/wp\/v2\/comments?post=1737"}],"version-history":[{"count":1,"href":"https:\/\/www.comitatomonteverdenuovo.it\/wordpress\/wp-json\/wp\/v2\/posts\/1737\/revisions"}],"predecessor-version":[{"id":1738,"href":"https:\/\/www.comitatomonteverdenuovo.it\/wordpress\/wp-json\/wp\/v2\/posts\/1737\/revisions\/1738"}],"wp:attachment":[{"href":"https:\/\/www.comitatomonteverdenuovo.it\/wordpress\/wp-json\/wp\/v2\/media?parent=1737"}],"wp:term":[{"taxonomy":"category","embeddable":true,"href":"https:\/\/www.comitatomonteverdenuovo.it\/wordpress\/wp-json\/wp\/v2\/categories?post=1737"},{"taxonomy":"post_tag","embeddable":true,"href":"https:\/\/www.comitatomonteverdenuovo.it\/wordpress\/wp-json\/wp\/v2\/tags?post=1737"}],"curies":[{"name":"wp","href":"https:\/\/api.w.org\/{rel}","templated":true}]}}