{"id":1734,"date":"2015-02-28T18:59:08","date_gmt":"2015-02-28T17:59:08","guid":{"rendered":"http:\/\/www.comitatomonteverdenuovo.it\/wordpress\/?p=1734"},"modified":"2020-01-09T18:21:35","modified_gmt":"2020-01-09T17:21:35","slug":"richiesta-di-incontro-urgente-su-problemi-sicurezza-edifici-scolastici","status":"publish","type":"post","link":"https:\/\/www.comitatomonteverdenuovo.it\/wordpress\/richiesta-di-incontro-urgente-su-problemi-sicurezza-edifici-scolastici\/","title":{"rendered":"Richiesta di incontro URGENTE su problemi sicurezza edifici scolastici"},"content":{"rendered":"<p style=\"padding-left: 150px;\">A<strong>ll\u2019Assessore Scuola, Universit\u00e0, politiche della memoria, sport, politiche della qualit\u00e0 della vita e partecipazione attiva dei cittadini Paolo Masini <\/strong>e-mail: <a href=\"mailto:paolo.masini@comune.roma.it\">paolo.masini@comune.roma.it<\/a><\/p>\n<p style=\"padding-left: 150px;\">Roma Capitale \u2013 Municipio XII Alla\u00a0Presidente <strong>Cristina Maltese<\/strong> e-mail: <a href=\"mailto:cristina.maltese@comune.roma.it\">cristina.maltese@comune.roma.it<\/a> <strong>All\u2019Assessore\u00a0 Politiche dei lavori pubblici, trasformazione urbana, Innovazione e semplificazione amministrativa Raffaele Scamard\u00ec<\/strong> e-mail: <a href=\"mailto:raffaele.scamardi@comune.roma.it\">raffaele.scamardi@comune.roma.it<\/a><\/p>\n<p style=\"padding-left: 150px;\">Al Comandante dell\u2019U.O. XII Gruppo Monteverde <strong>Mario De Sclavis<\/strong> e-mail\u00a0 <a href=\"mailto:mario.desclavis@comune.roma.it\">mario.desclavis@comune.roma.it<\/a><\/p>\n<p>Oggetto: Richiesta di incontro URGENTE su problemi sicurezza edifici scolastici<\/p>\n<p>I bambini, i genitori, gli insegnanti\u00a0 del Comparto scuola di Monteverde e il\u00a0 Comitato di Quartiere Monteverde Nuovo fanno presente la drammatica situazione degli edifici scolastici continuamente oggetto di atti di vandalismo e ladrocinio. Furti, distruzione di materiali didattici e di arredi, sabato scorso perfino fal\u00f2, avvengono ripetutamente senza che le Istituzioni preposte alla sicurezza e salvaguardia dei beni pubblici riescano a fermare e punire gli autori.\u00a0 I sottoscritti chiedono un incontro URGENTE per\u00a0 definire insieme agli organi competenti le modalit\u00e0 pi\u00f9 opportune per assicurare decoro e integrit\u00e0 alle nostre scuole.<\/p>\n<p>Nel caso specifico accaduto alla Scuola Oberdan nella notte di sabato 21 febbraio, ci rendiamo tutti disponibili a collaborare affinch\u00e9 possano essere al pi\u00f9 presto ripristinate le condizioni di igiene e sicurezza delle aule<\/p>\n<p>Restiamo in attesa di conoscere la data dell\u2019incontro.<\/p>\n<p>28 febbraio 2015<\/p>\n","protected":false},"excerpt":{"rendered":"<p>All\u2019Assessore Scuola, Universit\u00e0, politiche della memoria, sport, politiche della qualit\u00e0 della vita e partecipazione attiva dei cittadini Paolo Masini e-mail: paolo.masini@comune.roma.it Roma Capitale \u2013 Municipio XII Alla\u00a0Presidente Cristina Maltese e-mail: cristina.maltese@comune.roma.it All\u2019Assessore\u00a0 Politiche dei lavori pubblici, trasformazione urbana, Innovazione e semplificazione amministrativa Raffaele Scamard\u00ec e-mail: raffaele.scamardi@comune.roma.it Al Comandante dell\u2019U.O. XII Gruppo Monteverde Mario De Sclavis [&hellip;]<\/p>\n","protected":false},"author":1,"featured_media":0,"comment_status":"open","ping_status":"open","sticky":false,"template":"","format":"standard","meta":{"_et_pb_use_builder":"","_et_pb_old_content":"","_et_gb_content_width":"","_jetpack_memberships_contains_paid_content":false,"footnotes":""},"categories":[262,242],"tags":[11],"class_list":["post-1734","post","type-post","status-publish","format-standard","hentry","category-documentazione","category-sicurezza","tag-sicurezza"],"jetpack_featured_media_url":"","jetpack_sharing_enabled":true,"jetpack_likes_enabled":true,"_links":{"self":[{"href":"https:\/\/www.comitatomonteverdenuovo.it\/wordpress\/wp-json\/wp\/v2\/posts\/1734","targetHints":{"allow":["GET"]}}],"collection":[{"href":"https:\/\/www.comitatomonteverdenuovo.it\/wordpress\/wp-json\/wp\/v2\/posts"}],"about":[{"href":"https:\/\/www.comitatomonteverdenuovo.it\/wordpress\/wp-json\/wp\/v2\/types\/post"}],"author":[{"embeddable":true,"href":"https:\/\/www.comitatomonteverdenuovo.it\/wordpress\/wp-json\/wp\/v2\/users\/1"}],"replies":[{"embeddable":true,"href":"https:\/\/www.comitatomonteverdenuovo.it\/wordpress\/wp-json\/wp\/v2\/comments?post=1734"}],"version-history":[{"count":2,"href":"https:\/\/www.comitatomonteverdenuovo.it\/wordpress\/wp-json\/wp\/v2\/posts\/1734\/revisions"}],"predecessor-version":[{"id":1736,"href":"https:\/\/www.comitatomonteverdenuovo.it\/wordpress\/wp-json\/wp\/v2\/posts\/1734\/revisions\/1736"}],"wp:attachment":[{"href":"https:\/\/www.comitatomonteverdenuovo.it\/wordpress\/wp-json\/wp\/v2\/media?parent=1734"}],"wp:term":[{"taxonomy":"category","embeddable":true,"href":"https:\/\/www.comitatomonteverdenuovo.it\/wordpress\/wp-json\/wp\/v2\/categories?post=1734"},{"taxonomy":"post_tag","embeddable":true,"href":"https:\/\/www.comitatomonteverdenuovo.it\/wordpress\/wp-json\/wp\/v2\/tags?post=1734"}],"curies":[{"name":"wp","href":"https:\/\/api.w.org\/{rel}","templated":true}]}}