{"id":1685,"date":"2014-11-11T18:35:55","date_gmt":"2014-11-11T17:35:55","guid":{"rendered":"http:\/\/www.comitatomonteverdenuovo.it\/wordpress\/?p=1685"},"modified":"2020-01-09T18:29:55","modified_gmt":"2020-01-09T17:29:55","slug":"buca-sulla-circonvallazione-gianicolense","status":"publish","type":"post","link":"https:\/\/www.comitatomonteverdenuovo.it\/wordpress\/buca-sulla-circonvallazione-gianicolense\/","title":{"rendered":"Buca sulla Circonvallazione Gianicolense"},"content":{"rendered":"<p>Ecco la mail inviata ai rappresentanti delle Istituzioni per sollecitare un intervento in tempi certi per la riparazione della buca apertasi sulla Circonvallazione Gianicolense che sta sconvolgendo la nostra vita.<\/p>\n<p>Dott. Paolo Masini<br \/>\nAssessore allo Sviluppo delle periferie, Infrastrutture e Manutenzione Urbana<br \/>\nVia Petroselli 45<br \/>\n00186 Roma<\/p>\n<p>Avv. Cristina Maltese<br \/>\nPresidente Municipio Roma XII<br \/>\nVia Fabiola 14<br \/>\n00152 Roma<br \/>\nOggetto: Richiesta intervento urgente per sistemare la buca sulla Circonvallazione Gianicolense.<\/p>\n<p>Da diversi giorni la viabilit\u00e0 del nostro territorio \u00e8 stata sconvolta da una voragine che si \u00e8 aperta sulla Circonvallazione Gianicolense nei pressi dell\u2019Ospedale San Camillo.<\/p>\n<p>La mancanza di tempestivit\u00e0 nell\u2019intervento di riparazione sta costringendo i cittadini a sottoporsi a lunghe e stressanti code, con un aumento notevole dei tempi per gli spostamenti ed un degrado evidente della qualit\u00e0 della vita.<\/p>\n<p>Sono giunte anche segnalazioni che mettono in evidenza come persino le ambulanze che servono l\u2019Ospedale sono in situazione di difficolt\u00e0 nell\u2019effettuare il proprio lavoro, mettendo a rischio la salute dei cittadini.<\/p>\n<p>Pertanto, vi chiediamo di comunicarci i tempi certi per risolvere la situazione, evitando che nostra citt\u00e0 venga derisa dagli organi di informazione nazionali e internazionali e che la rabbia e la collera dei cittadini non sfoci in manifestazioni di intolleranza verso le Istituzioni.<\/p>\n<p>Roma, 11 Novembre 2014<br \/>\nIl Presidente del Comitato di Quartiere<br \/>\nTina Pelliccia<\/p>\n","protected":false},"excerpt":{"rendered":"<p>Ecco la mail inviata ai rappresentanti delle Istituzioni per sollecitare un intervento in tempi certi per la riparazione della buca apertasi sulla Circonvallazione Gianicolense che sta sconvolgendo la nostra vita. Dott. Paolo Masini Assessore allo Sviluppo delle periferie, Infrastrutture e Manutenzione Urbana Via Petroselli 45 00186 Roma Avv. Cristina Maltese Presidente Municipio Roma XII Via [&hellip;]<\/p>\n","protected":false},"author":1,"featured_media":0,"comment_status":"open","ping_status":"open","sticky":false,"template":"","format":"standard","meta":{"_et_pb_use_builder":"","_et_pb_old_content":"","_et_gb_content_width":"","_jetpack_memberships_contains_paid_content":false,"footnotes":""},"categories":[239,262,242],"tags":[8,11],"class_list":["post-1685","post","type-post","status-publish","format-standard","hentry","category-decoro","category-documentazione","category-sicurezza","tag-decoro","tag-sicurezza"],"jetpack_featured_media_url":"","jetpack_sharing_enabled":true,"jetpack_likes_enabled":true,"_links":{"self":[{"href":"https:\/\/www.comitatomonteverdenuovo.it\/wordpress\/wp-json\/wp\/v2\/posts\/1685","targetHints":{"allow":["GET"]}}],"collection":[{"href":"https:\/\/www.comitatomonteverdenuovo.it\/wordpress\/wp-json\/wp\/v2\/posts"}],"about":[{"href":"https:\/\/www.comitatomonteverdenuovo.it\/wordpress\/wp-json\/wp\/v2\/types\/post"}],"author":[{"embeddable":true,"href":"https:\/\/www.comitatomonteverdenuovo.it\/wordpress\/wp-json\/wp\/v2\/users\/1"}],"replies":[{"embeddable":true,"href":"https:\/\/www.comitatomonteverdenuovo.it\/wordpress\/wp-json\/wp\/v2\/comments?post=1685"}],"version-history":[{"count":1,"href":"https:\/\/www.comitatomonteverdenuovo.it\/wordpress\/wp-json\/wp\/v2\/posts\/1685\/revisions"}],"predecessor-version":[{"id":1686,"href":"https:\/\/www.comitatomonteverdenuovo.it\/wordpress\/wp-json\/wp\/v2\/posts\/1685\/revisions\/1686"}],"wp:attachment":[{"href":"https:\/\/www.comitatomonteverdenuovo.it\/wordpress\/wp-json\/wp\/v2\/media?parent=1685"}],"wp:term":[{"taxonomy":"category","embeddable":true,"href":"https:\/\/www.comitatomonteverdenuovo.it\/wordpress\/wp-json\/wp\/v2\/categories?post=1685"},{"taxonomy":"post_tag","embeddable":true,"href":"https:\/\/www.comitatomonteverdenuovo.it\/wordpress\/wp-json\/wp\/v2\/tags?post=1685"}],"curies":[{"name":"wp","href":"https:\/\/api.w.org\/{rel}","templated":true}]}}