{"id":133,"date":"2013-11-25T15:07:53","date_gmt":"2013-11-25T14:07:53","guid":{"rendered":"http:\/\/www.comitatomonteverdenuovo.it\/wordpress\/?p=133"},"modified":"2020-01-09T18:45:15","modified_gmt":"2020-01-09T17:45:15","slug":"orti-urbani-a-roma-e-boom-per-una-citta-piu-verde-e-solidale","status":"publish","type":"post","link":"https:\/\/www.comitatomonteverdenuovo.it\/wordpress\/orti-urbani-a-roma-e-boom-per-una-citta-piu-verde-e-solidale\/","title":{"rendered":"Orti urbani: a Roma \u00e8 boom per una citt\u00e0 pi\u00f9 verde e solidale"},"content":{"rendered":"<p>Roma \u00e8 sempre pi\u00f9 verde grazie agli orti e ai giardini condivisi. A comunicarlo \u00e8 il gruppo Zappata Romana, che annuncia un incremento degli orti urbani della capitale del 50% nel corso dell&#8217;ultimo anno. Gli orti urbani e i giardini condivisi a Roma sono passati da 100 a 150. L&#8217;obiettivo? Una citt\u00e0 pi\u00f9 verde e solidale grazie al sostegno dei cittadini.<\/p>\n<p>Gli abitanti di Roma, in quasi tutti i quartieri, si sono rimboccati le maniche ed hanno recuperato aree abbandonate per restituirle all&#8217;uso pubblico. Zappata Romana ha aggiornato la mappa online degli orti e dei giardini condivisi di Roma, consultabile all&#8217;indirizzo www.zappataromana.net, con i nuovi spazi verdi nati nell&#8217;ultimo anno.<\/p>\n<p>La mappa riporta per ogni esperienza (orti, giardini e guerrilla gardening) la localizzazione, un breve testo, una fotografia e, quando possibile, i contatti di coloro che si sono occupati di dare nuova vita agli spazi abbandonati cittadini. I romani si sono messi d&#8217;impegno ed hanno deciso di fare qualcosa di buono per la citt\u00e0 e la comunit\u00e0.<\/p>\n<p>Si sono occupati della manutenzione del verde, rendendo migliori gli ambienti in cui praticare sport o dove portare a spasso i propri amici a quattro zampe. Gli orti condivisi sono un simbolo di integrazione sociale. Nel progetto Sar San l&#8217;orto \u00e8 dedicato ai bambini Rom, mentre Orto Capovolto e Coltivatore coinvolgono i diversamente abili. I lavoratori dell&#8217;ex Eutelia possono invece riunirsi all&#8217;Eutorto.<\/p>\n<p>Uno dei progetti pi\u00f9 originali presenti a Roma per quanto riguarda gli orti urbani \u00e8 l&#8217;Hortus Urbis (www.hortusurbis.it), orto didattico con piante antico romane nel Parco Regionale dell&#8217;Appia Antica, presso l&#8217;ex Cartiera Latina di via Appia Antica 42\/50, che ha visto la riattivazione di uno spazio abbandonato, lungo l&#8217;antico e sacro Almone, attraverso il generoso contributo dei giardini e orti condivisi della citt\u00e0 su progetto di Zappata Romana e del Parco dell&#8217;Appia Antica e che ospita tutte le domeniche laboratori per bambini.<\/p>\n<p>E al di fuori della capitale? A Milano scade oggi il bando per l&#8217;assegnazione di 171 orti urbani a cittadini, enti pubblici e privati, e associazioni di volontariato, mentre a Palermo verr\u00e0 inaugurato il prossimo 29 giugno l&#8217;orto condiviso etico dell&#8217;associazione Codifas, un progetto nato in nome della promozione e dell&#8217;integrazione sociale.<\/p>\n<p>Marta Alb\u00e8<\/p>\n<p>Fonte e foto: www.zappataromana.net<\/p>\n","protected":false},"excerpt":{"rendered":"<p>Roma \u00e8 sempre pi\u00f9 verde grazie agli orti e ai giardini condivisi. A comunicarlo \u00e8 il gruppo Zappata Romana, che annuncia un incremento degli orti urbani della capitale del 50% nel corso dell&#8217;ultimo anno. Gli orti urbani e i giardini condivisi a Roma sono passati da 100 a 150. L&#8217;obiettivo? Una citt\u00e0 pi\u00f9 verde e [&hellip;]<\/p>\n","protected":false},"author":1,"featured_media":0,"comment_status":"open","ping_status":"open","sticky":false,"template":"","format":"standard","meta":{"_et_pb_use_builder":"","_et_pb_old_content":"","_et_gb_content_width":"","_jetpack_memberships_contains_paid_content":false,"footnotes":""},"categories":[238,239,262],"tags":[9,8],"class_list":["post-133","post","type-post","status-publish","format-standard","hentry","category-ambiente","category-decoro","category-documentazione","tag-ambiente","tag-decoro"],"jetpack_featured_media_url":"","jetpack_sharing_enabled":true,"jetpack_likes_enabled":true,"_links":{"self":[{"href":"https:\/\/www.comitatomonteverdenuovo.it\/wordpress\/wp-json\/wp\/v2\/posts\/133","targetHints":{"allow":["GET"]}}],"collection":[{"href":"https:\/\/www.comitatomonteverdenuovo.it\/wordpress\/wp-json\/wp\/v2\/posts"}],"about":[{"href":"https:\/\/www.comitatomonteverdenuovo.it\/wordpress\/wp-json\/wp\/v2\/types\/post"}],"author":[{"embeddable":true,"href":"https:\/\/www.comitatomonteverdenuovo.it\/wordpress\/wp-json\/wp\/v2\/users\/1"}],"replies":[{"embeddable":true,"href":"https:\/\/www.comitatomonteverdenuovo.it\/wordpress\/wp-json\/wp\/v2\/comments?post=133"}],"version-history":[{"count":4,"href":"https:\/\/www.comitatomonteverdenuovo.it\/wordpress\/wp-json\/wp\/v2\/posts\/133\/revisions"}],"predecessor-version":[{"id":2494,"href":"https:\/\/www.comitatomonteverdenuovo.it\/wordpress\/wp-json\/wp\/v2\/posts\/133\/revisions\/2494"}],"wp:attachment":[{"href":"https:\/\/www.comitatomonteverdenuovo.it\/wordpress\/wp-json\/wp\/v2\/media?parent=133"}],"wp:term":[{"taxonomy":"category","embeddable":true,"href":"https:\/\/www.comitatomonteverdenuovo.it\/wordpress\/wp-json\/wp\/v2\/categories?post=133"},{"taxonomy":"post_tag","embeddable":true,"href":"https:\/\/www.comitatomonteverdenuovo.it\/wordpress\/wp-json\/wp\/v2\/tags?post=133"}],"curies":[{"name":"wp","href":"https:\/\/api.w.org\/{rel}","templated":true}]}}